{"id":5474,"date":"2006-05-30T20:31:18","date_gmt":"2006-05-30T18:31:18","guid":{"rendered":"http:\/\/esperanto-aeh.eu\/?p=5474"},"modified":"2018-05-21T19:23:11","modified_gmt":"2018-05-21T17:23:11","slug":"informilo-5-2006","status":"publish","type":"post","link":"https:\/\/esperanto-aeh.eu\/eo\/informilo-5-2006\/","title":{"rendered":"Informilo 5\/2006"},"content":{"rendered":"<p align=\"center\"><span style=\"font-size: xx-large;\">Informilo 5\/2006<\/span><\/p>\n<p align=\"left\"><span style=\"font-family: Bitstream Vera Sans;\"><b>Enhavo:<br \/>\n<\/b>Denove Skokovy \u00a0nia \u015datata loko<br \/>\nPrintempa renkonti\u011do \u0109e adonidoj<br \/>\nPri la dancbaloj en \u010cesk\u00e1 T\u0159ebov\u00e1<br \/>\nMiaj spertoj pri ZEOj tra landoj<br \/>\n\u0108u vi volas instrui?<br \/>\nEl la blindula sekcio<br \/>\nFre\u015da vento el suda Bohemio<br \/>\nEl la redakcio<\/span><\/p>\n<h2 class=\"western\"><span style=\"font-family: Bitstream Vera Sans;\">Denove nia \u015datata loko \u2013 Skokovy<\/span><\/h2>\n<p style=\"text-indent: 0.6cm;\"><span style=\"font-family: Bitstream Vera Sans;\">Kun alveno de printempaj tagoj post longa vintro komenci\u011dis la XXII-a lingva seminario en \u0108e\u0125a paradizo en la vila\u011deto Skokovy. Oni diras, ke se estas bela vetero, \u0109io sukcesas pli facile, kaj tion ni povas diri pri la aran\u011do de la seminario. La pensiono estis plena. De la paska lundo \u2013 la 17-a de aprilo &#8211; alvenadis homoj de diversaj lokoj kaj a\u011doj. Entute venis 53 homoj. Ni havis \u015dancon konigi kun nia lando kaj niaj kutimoj tri afablajn gefrancojn el norda Francujo kaj a\u016dstralaninon. Pluraj eksterlandanoj el Germanio, Nederlando kaj Francio venis al la loko jam por ili konata. Jam marde matene surprizis nin apero de \u0135urnalistino, al kiu ni sukcesis prezenti pruvon pri belsoneco kaj facileco de la lingvo. Du artikoloj kun fotoj aperis en loka tag\u0135urnalo kaj estis tre pozitivaj. Anka\u016d la loka radio Jizera salutis la partoprenantojn per E-vortoj.<\/span><\/p>\n<p>\u00a0\u00a0\u00a0\u00a0\u00a0 <span style=\"font-family: Bitstream Vera Sans;\">Kiel kutime ni lernis en kvar grupoj anta\u016dtagmeze kaj \u011duis amikan etoson. Nia societo allogis personojn tute diversajn \u2013 handikapulojn kaj sanajn homojn, homojn simplajn kaj la homojn kun vico da titoloj, homojn gajajn a\u016d afliktitajn pro malfeli\u0109o, homojn kreivajn, sociemajn, toleremajn&#8230;<\/span><\/p>\n<p><span style=\"font-family: Bitstream Vera Sans;\">Posttagmeza ekskurso direktis la partoprenantojn al Mlad\u00e1 Boleslav, kie ni povis grimpi turon de la urba magistrato kun diablo kaj hororaj scenoj el historio de la urbo kaj rigardi la urbon kaj malproksiman horizonton. Vicurbestrino, s-ino Pe\u0161kov\u00e1 akceptis nin en solena salono, kun granda kol\u0109eno sur la kolo kaj proklamis sin favorantino de la homa komunikado. \u015ci donacis al ni CD kun bildetoj de gravaj konstrua\u0135oj en Mlad\u00e1 Boleslav kaj Kosmonosy, kun bela muziko, sen komento; vere konvena donaco por eksterlandanoj. <\/span><\/p>\n<p><span style=\"font-family: Bitstream Vera Sans;\">Pluan ekskurson ni okazigis al la kastelo en Mnichovo Hradi\u0161t\u011b kaj al Domo de infanoj \u2013 kie junularo muzikas, fabrikas ceramika\u0135ojn, prezentas teatra\u0135ojn kaj okupi\u011das per diversaj aferoj. <\/span><\/p>\n<p><span style=\"font-family: Bitstream Vera Sans;\">Eble e\u0109 pli interesaj estis la ekskursoj kaj promenoj tra pitoreska printempa naturo. Kiu volis, povis krei por si suveniron sub konsilo kaj helpo de nia sperta fakulino Eva. <\/span><\/p>\n<p><span style=\"font-family: Bitstream Vera Sans;\">El vesperaj prelegoj estis tre diskutita tiu pri solenaj menuoj de \u0109e\u0125aj prezidentoj kun karakterizado de iliaj edzinoj. Ni konstatis, ke tre konvene kaj utile estus verki bro\u015duron a\u016d kajeron por eksterlandanoj pri klarigo de speciala\u0135oj kaj \u0109e\u0125aj kutimaj man\u011doj. Per videofilmo ni povis reveni al la pasintjara UEA kongreso en litovia Vilno. Dum vesperi\u011do\u00a0 bicikle alvenis praga studento de fiziko Pavel Brom, por ke li klarigu al ni, kiel maristoj determinas sian pozicion sur la maro; li sukcesis admirinde.<\/span><\/p>\n<p><span style=\"font-family: Bitstream Vera Sans;\">Sabata vespero enhavis vere amuzan distran programon, pri kiu meritis preska\u016d \u0109iuj partoprenintoj.<\/span><\/p>\n<p><span style=\"font-family: Bitstream Vera Sans;\"><b>La venontaj seminarioj okazos de 16-a \u011dis 22-a oktobro 2006 kaj de 16-a \u011dis 22-a aprilo 2007<\/b>. Venu partopreni. <\/span><\/p>\n<p align=\"right\"><span style=\"font-family: Bitstream Vera Sans;\"><i>J.Drahotov\u00e1<\/i><\/span><\/p>\n<p align=\"center\">\u00a0<span style=\"font-size: x-large;\"><b>Printempa renkonti\u011do \u0109e adonidoj<\/b><\/span><\/p>\n<p><span style=\"font-family: Bitstream Vera Sans;\">Jam tradicie renkonti\u011dis geesperantistoj kun siaj familioj en la suda Moravio en Vracov por admiri belecon de printempaj protektitaj orkoloraj floretoj &#8211; adonidoj.<\/span><\/p>\n<p><span style=\"font-family: Bitstream Vera Sans;\">Post la vendreda vesperman\u011do okazis kegla turniro anka\u016d por tiuj, kiuj neniam ludkeglis, marcipanan donaceton ricevis tri la plej bonaj el \u0109iu kategorio. En la agrabla vespero ne mankis ru\u011da kaj blanka vinoj, kun pluaj franda\u0135oj.<\/span><\/p>\n<p><span style=\"font-family: Bitstream Vera Sans;\">Matene brilanta suneto eltiris \u0109iujn el la litoj kaj granda grupo de \u0109e\u0125aj partoprenintoj kun tri eksterlandanoj mar\u015dis por vidi kaj admiri deziratajn floretojn. La unua parto de \u0109arma promeno tra arbaro, direkte al Milotice, fini\u011dis sur kastela kortego, interesi\u011dantoj vizitis la kastelon. Tien alveturis buso de E-infanoj kun siaj gvidantoj. <\/span><\/p>\n<p><span style=\"font-family: Bitstream Vera Sans;\">Post la tagmeza plenigo de stomakoj atendis nin iom peniga vojo sur la monteton Horky, sed la rekompenco estis grandioza. La verda deklivo estis ornamita per belegaj orkoloraj floretoj de adonidoj. La okuloj de \u0109iuj admire brilis, vidante tian florantan deklivon de tre ravaj, protektitaj floretoj, kaj neniu kura\u011dis for\u015diri e\u0109 unu solan floreton.<\/span><\/p>\n<p><span style=\"font-family: Bitstream Vera Sans;\">Sed nia migrado da\u016drigis \u011dis la lernejo en Rat\u00ed\u0161kovice. \u0108i tie sekvis plua parto de la programo. Estis preparitaj marcipanaj pastoj kaj lignaj tabuletoj por \u0109iu partoprenanto kaj sub la gvido de fakulino s-anino Vy\u0161inkov\u00e1 \u0109iu provis krei marcipanan besteton, kiun \u0109iu povis alporti hejmen kun plua marcipana suveniro.<\/span><\/p>\n<p><span style=\"font-family: Bitstream Vera Sans;\">Reen al nia tranoktejo ni estis transportitaj per a\u016dtomobiloj. Agrabla vespero okazis en vinkelo, kie estis bela etoso kompletigita per bonega gula\u015do, vinoj kaj diversaj \u011du-man\u011da\u0135oj. La partoprenintoj kantis akompane de gitaro \u011dis malfruaj noktaj horoj.<\/span><\/p>\n<p><span style=\"font-family: Bitstream Vera Sans;\">Anka\u016d en la diman\u0109a anta\u016dtagmezo ni partoprenis interesan programon en la lernejo de Rat\u00ed\u0161kovice. Prezentis sin kun granda sukceso infana grupo sub gvido de la prezidantino de \u0108EA J. Melich\u00e1rkov\u00e1. <\/span><\/p>\n<p><span style=\"font-family: Bitstream Vera Sans;\">Ni \u0109iuj estis tre kontentaj pro \u0109arma vetero, bonega man\u011da\u0135o kaj trinka\u0135o, sed \u0109efe pro eminenta kolektivo de esperantistoj. Al \u0109iuj organizantoj mi sendas multajn dankojn.<\/span><\/p>\n<p align=\"right\"><span style=\"font-family: Bitstream Vera Sans;\"><i>Mirka Kosnarov\u00e1<\/i><\/span><\/p>\n<p align=\"center\"><span style=\"font-size: medium;\"><b>\u0108u E-dancbaloj en la\u00a0 urbo \u010cesk\u00e1 T\u0159ebov\u00e1 ne plu ekzistos?<\/b><\/span><\/p>\n<p>\u00a0\u00a0\u00a0\u00a0\u00a0\u00a0\u00a0 <span style=\"font-family: Bitstream Vera Sans;\">La E-klubon en \u010cesk\u00e1 T\u0159ebov\u00e1 fondis kelkaj entuziasmuloj en la jaro 1960. Agado de la\u00a0 klubo rapide kreskis, sed membroj volis pli kaj pli propagandi Esperanton. La 23-an de februaro 1970 ili aran\u011dis la unuan E-balon por atentigi civitanojn de la urbo pri Esperanto. Senpage estis pruntita konvena salono de tiama Uzina klubo de fervojistoj, al kiu apartenis la E-klubo. Sed\u00a0 problemo okazis\u00a0 pri danc-orkestro. Mia kunlaboranto Jan \u0160ke\u0159\u00edk en fervojista oficejo gvidis grupon da muzikistoj kaj kun li mi faris \u0109i tiun kontrakton. Se la organizantoj de la balo finance sukcesos, tiam la muzikantoj ricevos salajron kaj vesperman\u011don, se ne, tiam ili ludos senpage kaj sen vesperman\u011do. Sed okazis miraklo! Plenplenan salonon kun 232 sidlokoj okupis dancemuloj kaj la muzikistoj ricevis \u0109ion promesitan, e\u0109 bieron.<\/span><\/p>\n<p><span style=\"font-family: Bitstream Vera Sans;\">Dum venontaj jaroj E-baloj sukcese da\u016drigis.\u00a0 Alveturadis esperantistoj el multaj lokoj de nia respubliko, anka\u016d el Pollando, Hungario, A\u016dstrio, Bulgario, Italio, Nederlando, Francio kaj Svedujo. En la jaro 1977 ni proklamis, ke en la salonoj \u011dis noktomezo oni ne rajtas fumi, post la noktomezo jes. Kaj ekde tiu jaro jam dum \u0109iuj E-baloj oni tute ne fumis. Iujn interesantojn allogis ri\u0109a tombolo kun premio de granda porka kapo,\u00a0pluaj interesi\u011dis pri dancado kaj amika babilado en\u00a0 senfuma medio. Dufoje ni invitis \u015datatan kaj multnombran blovmuzikon el la urbo Humpolec. Ni tion jam povis fari, \u0109ar ni organizis en jubileaj jaroj de E-baloj\u00a0 du dancbalojn en la sama jaro. La sukceso estis granda, ja ne sufi\u0109is duoble po 232 sidlokoj en la granda salono kaj\u00a0 la dancemuloj anka\u016d okupis malgrandan salonon kun 60 sidlokoj.<\/span><\/p>\n<p><span style=\"font-family: Bitstream Vera Sans;\">Dum lastaj jaroj la intereso pri dancbaloj, ne nur pri E-baloj, entute \u015dan\u011di\u011dis. Ne plu ekzistas Uzina klubo de fervojistoj. Nove fondita Kultura centro postulas por la salono kun 100 sidlokoj 960 K\u010d por unu horo.<\/span><\/p>\n<p><span style=\"font-family: Bitstream Vera Sans;\">Anstata\u016d la balo \u0109iuj anoj de E-klubo en \u010cesk\u00e1 T\u0159ebov\u00e1 nunjare realigis solenan kunvenon, sed ili ne ploris pro malfacila\u0135oj. Ili rememoris 39 sukcesajn balojn kaj imagu,\u00a0 la geklubanoj cerbumas pri somera E-balo en proksima arbara restoracio \u201eHory\u201c. <\/span><\/p>\n<h4 class=\"western\"><span style=\"font-family: Bitstream Vera Sans;\">Ji\u0159\u00ed Pi\u0161tora<\/span><\/h4>\n<p><span style=\"font-size: large;\"><b>Miaj personaj spertoj pri ZEO-j tra kelkaj landoj<\/b><\/span><\/p>\n<p><span style=\"font-family: Bitstream Vera Sans;\">En kelkaj lokoj mi havis bon\u015dancon viziti straton a\u016d placon nomitan la\u016d Esperanto a\u016d L.L.Zamenhof. Kutime tio okazis lige kun mia partopreno \u0109e Esperanto-kongresoj, plejparte la Universalaj. Tio estis ekzemple en Varno, Valencio, Tel-Avivo, Zagrebo, Gotenburgo&#8230; En Tel-Avivo mi vizitis la straton de D-ro Zamenhof e\u0109 plurfoje: tage kaj vespere. Kiam estis jam tenebro, tiam mi \u011duis la rigardon al e\u0109 lumantaj \u015dildoj kun surskribo \u201estrato de L .L. Zamenhof\u201c.<\/span><\/p>\n<p><span style=\"font-family: Bitstream Vera Sans;\">La strato estis iom longa, tial la indikoj trovi\u011dis kelkfoje. En iuj lokoj la skriba\u0135o estis nacilingva, do la nomo tekstis Eliezer Zamenhof. Interne de la strat-indikilo estis enmuntita elektra lumigilo. Kelkoble trovi\u011dis \u0109e la persona nomo e\u0109 epiteto \u201esderot\u201c, kio en la hebrea signifas \u201einstruisto, kleriganto de popolo\u201c. Tiulande estas ja kutimo doni tian atributon al sociaj gvidantoj (cetere havas \u011din tre proksime al la Z-strato anka\u016d la skvaro de T. G. Masaryk \u2013 la unua \u0109e\u0125a\u00a0 prezidento.<\/span><\/p>\n<p><span style=\"font-family: Bitstream Vera Sans;\">En la jaro 1983 mi anka\u016d partoprenis la 68-an U. K.en Budape\u015dto kaj tie trovi\u011das du ZEO-stratoj, nome Zamenhof kaj Esperanto (krom aliaj ZEOj). Beda\u016drinde mi ne vizitis ilin pro mia tiama nescio.<\/span><\/p>\n<p><span style=\"font-family: Bitstream Vera Sans;\">Koncerne la lumantajn E-indikilojn \u2013 ion similan mi spertis en Montpeliero en la jaro 1998. Tie ne temis pri la nomo Zamenhof, sed pri vojmontriloj en la \u0109efa strato. Indikita estis direkto al la kongresejo de la 83-a U. K. La surskribo estis nacilingva, do franca. Sed mi memoras, ke tie trovi\u011dis e\u0109 alia lingva varianto \u2013 nome la angla kaj Esperanta. Anka\u016d \u011di estis elinterne lumigita. Do sufi\u0109a teknika lukso por uzi \u011din nur dum unu semajno el la tuta senfina tempo. Cetere, la urbo Montpeliero fieras anka\u016d pri Zamenhofa strato, sed tiun mi ne sukcesis viziti. <\/span><\/p>\n<p align=\"right\"><span style=\"font-family: Bitstream Vera Sans;\"><i>J.Rada<\/i><\/span><\/p>\n<p align=\"center\"><span style=\"font-size: x-large;\"><b>\u0108u vi volas instrui?<\/b><\/span><\/p>\n<p>\u00a0\u00a0\u00a0\u00a0\u00a0\u00a0 <span style=\"font-family: Bitstream Vera Sans;\">Kun granda \u011dojo mi volas informi vin, ke la publika universitato &#8220;University of New South Wales&#8221; (esp: &#8220;Universitato de Nova Sud-Kimrujo&#8221;), en Sidnejo, A\u016dstralio, balda\u016d ofertos \u201eoficialan\u201c kurson pri Instruado de Esperanto.<\/span><\/p>\n<p><span style=\"font-family: Bitstream Vera Sans;\">&#8220;University of New South Wales&#8221; estas moderna kaj presti\u011da publika universitato, kiu jam ofertis diversajn oficialajn kursojn pri instruado de diversaj lingvoj &#8211; angla, japana, indonezia, franca, germana, ktp. La kurso por instruado de Esperanto estas nova aldono al la listo.<\/span><\/p>\n<p><span style=\"font-family: Bitstream Vera Sans;\">Finstudinto ricevos oficialan profesian kvalifikon, aprobitan kaj agnoskitan de la loka a\u016dstralia registaro, kiu ebligas instrui la lingvon profesie, ekzemple \u0109e etnaj a\u016d komunumaj kolegioj, a\u016d en la &#8220;Universitato de la Tria A\u011do&#8221;.<\/span><\/p>\n<p><span style=\"font-family: Bitstream Vera Sans;\">La kurso da\u016dras 6 monatojn, kaj kvankam nur part-tempa (lecionoj okazas nur dum 2 vesperoj \u0109iusemajne), \u011di estas profunda, kaj inkluzivas: <\/span><span style=\"font-family: Bitstream Vera Sans;\">lingvan teorion: kio estas &#8216;lingvo&#8217;, lingvaj trajtoj kaj strukturo, fonetiko, ktp., <\/span><span style=\"font-family: Bitstream Vera Sans;\">historion kaj specifajn problemojn de lingva instruado, <\/span><span style=\"font-family: Bitstream Vera Sans;\">teknikojn kaj metodologiojn de lingva instruado, ekde la 19-a jarcento \u011dis nuntempo, <\/span><span style=\"font-family: Bitstream Vera Sans;\">analizon de la diversaj bezonoj kaj problemoj de lingvaj studentoj kaj studgrupoj,<\/span><span style=\"font-family: Bitstream Vera Sans;\">identigon kaj elekton de ta\u016dgaj instrumetodo, tekniko kaj materialo, <\/span><span style=\"font-family: Bitstream Vera Sans;\">preparon de lecionoj, <\/span><span style=\"font-family: Bitstream Vera Sans;\">preparon de plena kurso,<\/span><span style=\"font-family: Bitstream Vera Sans;\"> specifajn trajtojn kaj problemojn pri la instruado de Esperanto\u00a0<\/span><span style=\"font-family: Bitstream Vera Sans;\"> kaj multe pli!<\/span><\/p>\n<p><span style=\"font-family: Bitstream Vera Sans;\">La kurso havas teorian parton &#8211; pli-malpli 100 horojn da lecionoj &#8211; kaj anka\u016d praktikan parton: la studento instruos Esperanton al lernanta grupo dum 6 horoj, kaj \u0109e la fino de la kurso devas verki ne nur lecionan planon, sed plenan koheran kaj profesian kurson de Esperanto.<\/span><\/p>\n<p><span style=\"font-family: Bitstream Vera Sans;\">La lecionoj estos instruataj plejparte en la angla lingvo. La lecionoj specife pri Esperanto estos instruataj aparte al la Esperanto-studantoj, de prof. Daniel Kane.<\/span><\/p>\n<p><span style=\"font-family: Bitstream Vera Sans;\">La kosto de la kurso estos inter 3500 kaj 4000 AU$. La unua klaso espereble komenci\u011dos fine de aprilo kaj fini\u011dos en septembro. Se vi lo\u011das malproksime de Sidnejo, kaj la kurso interesas vin, sciu, ke nia esperantistaro de Sidnejo feli\u0109e pretas a\u016d gastigi vin, a\u016d helpi vin trovi ta\u016dgan lo\u011dejon.<\/span><\/p>\n<p><span style=\"font-family: Bitstream Vera Sans;\">Krome, la Esperanto-Federacio de Nova Sud-Kimrujo nun ofertas stipendion por tiu kurso: se vi pretas labori parttempe kiel Instruisto de Esperanto por la Federacio, dum almena\u016d 2 jaroj post la kurso, la Federacio pagos por vi la kurskotizon!<\/span><\/p>\n<p><span style=\"font-family: Bitstream Vera Sans;\">\u011ceneralaj informoj pri la kursoj por instruado de fremdaj lingvoj \u0109e la University of New South Wales troveblas &#8211; en la angla lingvo &#8211; \u0109e: <\/span><a href=\"http:\/\/www.lang.unsw.edu.au\/teacher_education\/index.htm\"><span style=\"font-family: Bitstream Vera Sans;\"><u><b>http:\/\/www.lang.unsw.edu.au\/teacher_education\/index.htm<\/b><\/u><\/span><\/a><\/p>\n<p><span style=\"font-family: Bitstream Vera Sans;\">Sendu senhezite iun ajn demandon pri la kurso, a\u016d pri la disponebla stipendio, rekte al mi!<\/span><\/p>\n<p align=\"right\"><span style=\"font-family: Bitstream Vera Sans;\">Igor de Oliveira Couto, prez. de A\u016dstralia Esperanto-Asocio <\/span><\/p>\n<p align=\"right\"><a href=\"mailto:prezidanto@esperanto.org.au\"><span style=\"font-family: Bitstream Vera Sans;\"><u><b>prezidanto@esperanto.org.au<\/b><\/u><\/span><\/a><b><\/b><\/p>\n<p>&nbsp;<\/p>\n<p align=\"center\"><span style=\"font-size: x-large;\"><b>El la blindula sekcio<\/b><\/span><\/p>\n<p style=\"border: none; padding: 0cm;\"><span style=\"font-family: Bitstream Vera Sans;\">S-ano Ji\u0159\u00ed Vychodil (66), longjara redakciestro de la fama blindula gazeto A\u016droro, decidi\u011dis fini sian funkcion. Li faras tion pro sia malsano, sed li promesis, ke li klopodos la\u016d siaj fortoj transdoni siajn spertojn al sia posteulo kaj helpi al li en lia laboro, por ke li havu certecon, ke la gazeto estas transdonita en bonajn manojn.<\/span><\/p>\n<p style=\"border: none; padding: 0cm;\"><span style=\"font-family: Bitstream Vera Sans;\">La gazeto estis lan\u0109ita en la jaro 1920 de Karel Emanuel Macan. Ekde la jaro 1925 \u011dis la jaro 1939 redaktis \u011din s-ano Josef Stejskal. Dum la militaj jaroj la gazeto kompreneble ne aperis. Post la 2-a mondmilito relan\u0109is \u011din eminenta samideano Vuk Echtner, kiu transdonis sian funkcion al s-ano Vychodil en la jaro 1975.<\/span><\/p>\n<p style=\"border: none; padding: 0cm;\"><span style=\"font-family: Bitstream Vera Sans;\">Lia posteulo fari\u011das s-ano Ji\u0159\u00ed Jel\u00ednek, kiu do estas la kvina redakciestro de tiu \u0109i fama blindula gazeto. La redakta kolektivo de Informilo dankas al s-ano Vychodil por lia longjara laboro kaj samtempe deziras al s-ano Jel\u00ednek sukceson en lia nova laboro.<\/span><\/p>\n<p style=\"border: none; padding: 0cm;\" align=\"center\"><span style=\"font-size: x-large;\"><b>Fre\u015da vento el suda Bohemio<\/b><\/span><\/p>\n<p style=\"border: none; padding: 0cm;\"><span style=\"font-family: Bitstream Vera Sans;\">Belega, suna sabato akompanis la unuan renkonti\u011don de esperantistoj en suda Bohemio. Naski\u011dis nova okazigo \u201eSablaj printempoj\u201c, renkonti\u011do en la urbo P\u00edsek (=Sablo), kiuj povus regule ripeti\u011di. En P\u00edsek renkonti\u011dis tridek entuziasmaj gesamideanoj ne nur el Bohemio suda, sed anka\u016d el la meza kaj okcidenta. <\/span><\/p>\n<p>\u00a0\u00a0\u00a0\u00a0\u00a0 <span style=\"font-family: Bitstream Vera Sans;\">Zorgeme preparita programo sub la gvido de Pavla Dvo\u0159\u00e1kov\u00e1 kaj de ceteraj oferemaj membroj de la E-klubo \u201eLa Ponto\u201c \u011dojigis \u0109iujn partoprenantojn. Mallonga, sed interesa estis vizito de la muzeo. Poste sekvis festa paska programo en la pre\u011dejo nomata \u201eAltigo de Sankta Kruco\u201c (Pov\u00fd\u0161en\u00ed svat\u00e9ho k\u0159\u00ed\u017ee). Post komuna tagman\u011do okazis la \u0109efa traktado en la restoracio \u201eU Reiner\u016f\u201c, kie ni estis informitaj pri multnombraj E-aran\u011doj, anka\u016d pri novaj libroj ktp.<\/span><\/p>\n<p><span style=\"font-family: Bitstream Vera Sans;\">La geedzoj Ji\u0159\u00ed kaj Mirka Tome\u010dek el \u010cesk\u00e9 Bud\u011bjovice transdonis informojn pri Universala kongreso de UEA en itala Florenco, Mirka parolis pri sia sukcesa E-kurso, kiun \u011duste finigis 8 lernantoj. Pri E-kurso en la urbo Hlubok\u00e1 informis anka\u016d simpatia a\u016dstralianino.<\/span><\/p>\n<p><span style=\"font-family: Bitstream Vera Sans;\">La suda Bohemio montris renovigon de Esperanta vivo, al kiu metis bazon familioj Tome\u010dek kaj Dvo\u0159\u00e1k, tamen la tradicio de komunaj renkonti\u011doj de okcident- kaj sudbohemiaj esperantistoj komenci\u011dis pasintjare en la urbo Pilzeno. <\/span><\/p>\n<p align=\"center\">\u00a0<span style=\"font-size: large;\"><b>El la redakcio<\/b><\/span><\/p>\n<p>\u00a0\u00a0\u00a0\u00a0\u00a0 <span style=\"font-size: small;\">En pasinta numero de Informilo ni publikigis artikolon pri atenco \u0109e la tombo de doktoro Zamenhof, kiu estis disvastigita al multaj \u0109e\u0125aj kaj eksterlandaj geesperantistoj. Ni opiniis, ke tia komunika\u0135o veninta de serioza redakcio kun multaj detaloj, ne povas esti aprila \u015derco.<\/span><\/p>\n<p><span style=\"font-size: small;\">Tamen. Sur interretaj pa\u011doj post kelkaj tagoj estis trovitaj diversaj negativaj kaj anka\u016d pozitivaj reagoj de Usono, Rusio, Francio, Pollando ktp., sed la brazila redakcio de \u011cangalo reagis jene: (fragmento):<\/span><\/p>\n<p><span style=\"font-size: small;\"><i><b>Indikoj pri la \u015derco<\/b><\/i><\/span><\/p>\n<p><span style=\"font-size: small;\"><i>La redakcio de \u011cangalo kontentas pro tio, ke la \u0109i-jara unua-aprila notico-\u015derco provokis tiom da reagoj, pozitivaj kaj negativaj. La e\u0125o montras, ke la E-komunumo ne estas ia nemovebla amaso, sed ja vivanta komunumo, kiu verve reagas al okazinta\u0135oj.<\/i><\/span><\/p>\n<p><span style=\"font-size: small;\"><i>Ni beda\u016dras pro tiuj, kiuj ne \u015datis la \u015dercon, kaj gratulas al tiuj, kiuj havas la humuron kapabli ridi pri si mem kaj pri siaj amataj \u0109evaletoj. Laste-haste, ni sincere esperas, ke la \u0109i-jara \u015derco almena\u016d pensigu kelkajn pri la bezono praktike gravigi iom nian Esperanton, kiu estas nuntempe, doma\u011de, ege malgrava internacie &#8211; jen la trista vero.<\/i><\/span><\/p>\n<p><span style=\"font-family: Bitstream Vera Sans;\">Ni opinias, ke ne estas bezona plua komento. Konkludon faru \u0109iu mem, \u0109u \u011di estis humurplena aprila \u015derco.<\/span><\/p>\n<p align=\"right\"><span style=\"font-family: Bitstream Vera Sans;\"><i>red. <\/i><\/span><\/p>\n<p><span style=\"font-size: small;\"><b>Anonco de germana membro:<\/b><\/span><\/p>\n<p><span style=\"font-family: Bitstream Vera Sans;\">Mi ser\u0109as malnovajn trajnmodelojn en skalo \u201e0\u201c (1:45) de la \u0109e\u0125a produktanto Merkur kaj Ikaria, prefere la tutan kolekton. Kiu volus \u011din vendi al mi, bonvolu skribi al Peter Lohausen, Nach dem Waldhaus 12, D 08529 Plauen. e-mail: <\/span><a href=\"mailto:peter.lohausen@arcor.de\"><span style=\"font-size: small;\"><u>peter.lohausen@arcor.de<\/u><\/span><\/a><span style=\"font-size: small;\"><br \/>\n<\/span><\/p>\n<p><span style=\"font-family: Bitstream Vera Sans;\">E-klubo en la urbo \u010cesk\u00e1 T\u0159ebov\u00e1 aran\u011dos renkonti\u011don la 10-an de junio 2006 en la restoracio \u201eNa Hor\u00e1ch\u201c\u00a0 ekde la 14-a horo \u011dis noktomezo. Pri detala vojo al la celo, pri la programo kaj pri intereso vesperman\u011di skribu al Zd. Novotn\u00e1, Na Strouze 1720, 560 02 \u010c.T\u0159ebov\u00e1 (<\/span><a href=\"mailto:zdenkanovotna@quick.cz\"><span style=\"font-family: Bitstream Vera Sans;\"><u>zdenkanovotna@quick.cz<\/u><\/span><\/a><span style=\"font-family: Bitstream Vera Sans;\">)<br \/>\n<\/span><\/p>\n<p><span style=\"font-size: small;\"><b>Atentigo por \u0109e\u0125oj &#8211; Upozorn\u011bn\u00ed<\/b><\/span><span style=\"font-size: small;\">:<\/span><\/p>\n<p><span style=\"font-family: Bitstream Vera Sans;\">Na pen\u011b\u017en\u00ed pouk\u00e1zku pros\u00edm pi\u0161te adresu AEH \u010desky, tak jak je uvedeno v\u00a0r\u00e1me\u010dku na konci Informila: Svaz zdravotn\u011b posti\u017een\u00fdch esp&#8230;.. Po\u0161tovn\u00ed \u00fa\u0159ad m\u00e1 v\u00fdhrady.<br \/>\nD\u011bkuji. jary<\/span><\/p>\n<p><span style=\"font-family: Bitstream Vera Sans;\">En la redakcion venis malgaja anonco: Forlasis nin por \u0109iam nia membrino Jarmila Pavl\u00edkov\u00e1 el Doma\u017elice.\u00a0Honoro al \u015dia memoro!\u00a0<\/span><\/p>\n<p class=\"msonormal\" style=\"border: none; padding: 0cm;\"><span style=\"display: inline-block; border: 1.00pt solid #000000; padding: 0.05cm;\"><span style=\"font-size: small;\"><b>INFORMILO<\/b><\/span> \u2013 <span style=\"font-size: small;\">monata gazeto por esperantistoj-handikapuloj + suplemento <\/span><span style=\"font-size: small;\"><b>ANTA\u016cEN<\/b><\/span><\/span><span style=\"display: inline-block; border: 1.00pt solid #000000; padding: 0.05cm;\"><span style=\"font-family: Bitstream Vera Sans;\">Eldonas AEH \u2013 Asocio de esperantistoj-handikapuloj<\/span><\/span><span style=\"display: inline-block; border: 1.00pt solid #000000; padding: 0.05cm;\"><span style=\"font-family: Bitstream Vera Sans;\">Redaktoroj: M. Filip, J. Kosnar, J. Patera, J. R\u00fdznarov\u00e1, L. Srbov\u00e1<\/span><\/span><span style=\"display: inline-block; border: 1.00pt solid #000000; padding: 0.05cm;\"><span style=\"font-family: Bitstream Vera Sans;\">Adreso: Svaz zdravotn\u011b posti\u017een\u00fdch esperantist\u016f,\u00a0\u00a0 Na Okrouhl\u00edku 953\/21,530 03\u00a0 PARDUBICE,\u00a0 CZ tel. <b>466 611 941<\/b><\/span><\/span><span style=\"display: inline-block; border: 1.00pt solid #000000; padding: 0.05cm;\"><span style=\"font-family: Bitstream Vera Sans;\">e-mail:<\/span><span style=\"font-size: small;\"><u><b><a href=\"mailto:aeh-ikeh@volny.cz\">\u00a0aeh-ikeh@volny.cz<\/a><\/b><\/u><\/span><span style=\"font-family: Bitstream Vera Sans;\"> interreto:\u00a0 <\/span><span style=\"font-size: small;\"><u><b><a href=\"http:\/\/www.volny.cz\/aeh-ikeh\">www.volny.cz\/aeh-ikeh<\/a><\/b><\/u><\/span><\/span><span style=\"display: inline-block; border: 1.00pt solid #000000; padding: 0.05cm;\"><span style=\"font-family: Bitstream Vera Sans;\">Bankovn\u00ed spojen\u00ed: Po\u0161tovn\u00ed spo\u0159itelna, \u010d\u00edslo \u00fa\u010dtu AEH <b>192150088<\/b>, k\u00f3d banky <b>0300 <\/b><\/span><\/span><span style=\"display: inline-block; border: 1.00pt solid #000000; padding: 0.05cm;\"><span style=\"font-family: Bitstream Vera Sans;\">P\u0159i platb\u00e1ch v\u017edy uve\u010fte va\u0161e \u010dlensk\u00e9 \u010d\u00edslo (nad va\u0161\u00ed adresou) jako variabiln\u00ed symbol! <\/span><\/span><span style=\"display: inline-block; border: 1.00pt solid #000000; padding: 0.05cm;\"><span style=\"font-family: Bitstream Vera Sans;\">La redakcio ne \u0109iam havas la saman opinion kiel la a\u016dtoroj de la artikoloj<br \/>\n<\/span><\/span><\/p>\n","protected":false},"excerpt":{"rendered":"<p>Informilo 5\/2006 Enhavo: Denove Skokovy \u00a0nia \u015datata loko Printempa renkonti\u011do \u0109e adonidoj Pri la dancbaloj en \u010cesk\u00e1 T\u0159ebov\u00e1 Miaj spertoj pri ZEOj tra landoj \u0108u vi volas instrui? El la blindula sekcio Fre\u015da vento el suda Bohemio El la redakcio Denove nia \u015datata loko \u2013 Skokovy Kun alveno de printempaj tagoj post longa vintro komenci\u011dis [&hellip;]<\/p>\n","protected":false},"author":4,"featured_media":0,"comment_status":"closed","ping_status":"closed","sticky":false,"template":"","format":"standard","meta":{"footnotes":""},"categories":[48,46],"tags":[],"class_list":["post-5474","post","type-post","status-publish","format-standard","hentry","category-informilo","category-monataj-gazetoj","clear"],"_links":{"self":[{"href":"https:\/\/esperanto-aeh.eu\/eo\/wp-json\/wp\/v2\/posts\/5474","targetHints":{"allow":["GET"]}}],"collection":[{"href":"https:\/\/esperanto-aeh.eu\/eo\/wp-json\/wp\/v2\/posts"}],"about":[{"href":"https:\/\/esperanto-aeh.eu\/eo\/wp-json\/wp\/v2\/types\/post"}],"author":[{"embeddable":true,"href":"https:\/\/esperanto-aeh.eu\/eo\/wp-json\/wp\/v2\/users\/4"}],"replies":[{"embeddable":true,"href":"https:\/\/esperanto-aeh.eu\/eo\/wp-json\/wp\/v2\/comments?post=5474"}],"version-history":[{"count":2,"href":"https:\/\/esperanto-aeh.eu\/eo\/wp-json\/wp\/v2\/posts\/5474\/revisions"}],"predecessor-version":[{"id":5643,"href":"https:\/\/esperanto-aeh.eu\/eo\/wp-json\/wp\/v2\/posts\/5474\/revisions\/5643"}],"wp:attachment":[{"href":"https:\/\/esperanto-aeh.eu\/eo\/wp-json\/wp\/v2\/media?parent=5474"}],"wp:term":[{"taxonomy":"category","embeddable":true,"href":"https:\/\/esperanto-aeh.eu\/eo\/wp-json\/wp\/v2\/categories?post=5474"},{"taxonomy":"post_tag","embeddable":true,"href":"https:\/\/esperanto-aeh.eu\/eo\/wp-json\/wp\/v2\/tags?post=5474"}],"curies":[{"name":"wp","href":"https:\/\/api.w.org\/{rel}","templated":true}]}}