{"id":1404,"date":"2006-05-14T19:39:54","date_gmt":"2006-05-14T17:39:54","guid":{"rendered":"http:\/\/esperanto-aeh.eu\/antauen-2-2006\/"},"modified":"2018-07-21T11:23:49","modified_gmt":"2018-07-21T09:23:49","slug":"antauen-2-2006","status":"publish","type":"post","link":"https:\/\/esperanto-aeh.eu\/eo\/antauen-2-2006\/","title":{"rendered":"ANTA\u016cEN 2\/14 MAJO 2006"},"content":{"rendered":"<p class=\"western\" style=\"margin-bottom: 0.5cm;\" align=\"JUSTIFY\"><img loading=\"lazy\" decoding=\"async\" src=\"http:\/\/esperanto-aeh.eu\/wp-content\/uploads\/A-kveten_06_html_m30124b2a.png\" alt=\"\" width=\"252\" height=\"57\" name=\"obr\u00e1zky1\" align=\"LEFT\" border=\"0\" hspace=\"12\" \/><\/p>\n<p>&nbsp;<\/p>\n<p><b>ANTA\u016cEN <\/b><span style=\"font-size: medium;\"><b>2\/14 MAJO 2006<\/b><\/span><\/p>\n<p>&nbsp;<\/p>\n<p class=\"western\" style=\"margin-bottom: 0.5cm;\" align=\"JUSTIFY\"><span style=\"font-size: small;\"><b>Enhavo:<br \/>\n<span style=\"font-family: Arial Narrow,sans-serif;\">Al la patrineto Medikamento<br \/>\nkontra\u016d deprimi\u011do<\/span><\/b><\/span><\/p>\n<p>&nbsp;<\/p>\n<p class=\"western\" style=\"margin-bottom: 0.5cm;\" align=\"JUSTIFY\"><span style=\"font-size: small;\"><b>Paskofestoj<br \/>\nen Hamburg Kiu al kio similas?<\/b><\/span><\/p>\n<p>&nbsp;<\/p>\n<p class=\"western\" style=\"margin-bottom: 0.5cm;\" align=\"JUSTIFY\"><span style=\"font-size: small;\"><b>Mallonga<br \/>\namo <\/b><\/span><\/p>\n<p>&nbsp;<\/p>\n<p>&nbsp;<\/p>\n<p class=\"western\" style=\"margin-bottom: 0.5cm;\" align=\"CENTER\"><span style=\"font-size: x-large;\"><b>Al<br \/>\nla patrineto<\/b><\/span><\/p>\n<p>&nbsp;<\/p>\n<p class=\"western\" style=\"margin-bottom: 0.5cm;\" align=\"JUSTIFY\"><span style=\"font-size: small;\">\u0108iun<br \/>\nsenton nur silente<\/span><\/p>\n<p>&nbsp;<\/p>\n<p class=\"western\" style=\"margin-bottom: 0.5cm;\" align=\"JUSTIFY\"><span style=\"font-size: small;\">portas<br \/>\nmi en mia koro, <\/span><\/p>\n<p>&nbsp;<\/p>\n<p class=\"western\" style=\"margin-bottom: 0.5cm;\" align=\"JUSTIFY\"><span style=\"font-size: small;\">e\u0109<br \/>\nla panjon mi sciigas <\/span><\/p>\n<p>&nbsp;<\/p>\n<p class=\"western\" style=\"margin-bottom: 0.5cm;\" align=\"JUSTIFY\"><span style=\"font-size: small;\">nek<br \/>\npri \u011doj\u2018, nek pri doloro.<\/span><\/p>\n<p>&nbsp;<\/p>\n<p class=\"western\" style=\"margin-bottom: 0.5cm;\" align=\"JUSTIFY\"><span style=\"font-size: small;\">Kio<br \/>\nka\u016dzas, mia panjo, <\/span><\/p>\n<p>&nbsp;<\/p>\n<p class=\"western\" style=\"margin-bottom: 0.5cm;\" align=\"JUSTIFY\"><span style=\"font-size: small;\">ke<br \/>\nvi tamen \u0109ion vidas \u2013 <\/span><\/p>\n<p>&nbsp;<\/p>\n<p class=\"western\" style=\"margin-bottom: 0.5cm;\" align=\"JUSTIFY\"><span style=\"font-size: small;\">kiam<br \/>\n\u011dojas mia koro,<\/span><\/p>\n<p>&nbsp;<\/p>\n<p class=\"western\" style=\"margin-bottom: 0.5cm;\" align=\"JUSTIFY\"><span style=\"font-size: small;\">ke<br \/>\nokuloj viaj ridas?<\/span><\/p>\n<p>&nbsp;<\/p>\n<div id=\"Sekce2\" dir=\"LTR\"><\/div>\n<p class=\"western\" style=\"margin-left: 3.49cm; margin-bottom: 0.5cm;\" align=\"JUSTIFY\"><span style=\"font-size: small;\">K<img loading=\"lazy\" decoding=\"async\" src=\"http:\/\/esperanto-aeh.eu\/wp-content\/uploads\/A-kveten_06_html_m433de61f.jpg\" alt=\"\" width=\"87\" height=\"114\" name=\"obr\u00e1zky2\" align=\"LEFT\" border=\"0\" hspace=\"12\" \/>io<br \/>\nka\u016dzas, mia panjo,<\/span><\/p>\n<p>&nbsp;<\/p>\n<p class=\"western\" style=\"margin-left: 3.49cm; margin-bottom: 0.5cm;\" align=\"JUSTIFY\"><span style=\"font-size: small;\">ke vi \u0109ion klare vidas<br \/>\n\u2013<\/span><\/p>\n<p>&nbsp;<\/p>\n<p class=\"western\" style=\"margin-left: 3.49cm; margin-bottom: 0.5cm;\" align=\"JUSTIFY\"><span style=\"font-size: small;\">kiam ploras mia koro, <\/span><\/p>\n<p>&nbsp;<\/p>\n<p class=\"western\" style=\"margin-left: 3.49cm; margin-bottom: 0.5cm;\" align=\"JUSTIFY\"><span style=\"font-size: small;\">ke vi en angul\u2018<br \/>\neksidas?<\/span><\/p>\n<p>&nbsp;<\/p>\n<p class=\"western\" style=\"margin-right: 0.71cm; margin-bottom: 0.5cm;\" align=\"JUSTIFY\"><span style=\"font-size: small;\">de Jan Neruda tradukis<br \/>\nprofesoro Milo\u0161 Luk\u00e1\u0161<\/span><\/p>\n<p>&nbsp;<\/p>\n<p class=\"western\" style=\"margin-bottom: 0.5cm;\" align=\"JUSTIFY\"><span style=\"font-size: medium;\"><b>Pri<br \/>\nla tradukinto:<\/b><\/span><\/p>\n<p>&nbsp;<\/p>\n<p class=\"western\" style=\"margin-bottom: 0.5cm;\" align=\"JUSTIFY\"><span style=\"font-size: small;\"><b>Milo\u0161<br \/>\nLuk\u00e1\u0161<\/b> postlasis en la Esperanta literaturo profundan spuron,<br \/>\nkiu \u011dis nun ne perdis sian signifon por inter\u015dan\u011do de kulturaj<br \/>\nvaloroj inter diversaj nacioj. Literaturaj verkoj, liaplume<br \/>\ninterpretitaj en la internacian lingvon, atingas la mondpartojn, kiu<br \/>\nsen helpo de Esperanto restus fermitaj por \u0109e\u0125aj kaj slovakaj<br \/>\na\u016dtoroj.<\/span><\/p>\n<p>&nbsp;<\/p>\n<p class=\"western\" style=\"margin-bottom: 0.5cm;\" align=\"JUSTIFY\"><span style=\"font-size: small;\">Milo\u0161<br \/>\nLuk\u00e1\u0161 naski\u011dis la 15-an de septembro 1897 en Jilemnice, distrikto<br \/>\nSemily. Jam dum gimnazia studado li konati\u011dis (en la jaro 1907) kun<br \/>\nEsperanto, al kiu li \u2212 krom nelonga periodo, kiam li interesi\u011dis<br \/>\npri Ido \u2212 dedi\u0109is sian tutan vivon. Plenuminte abiturientan<br \/>\nekzamenon en Ji\u010d\u00edn kaj la trijaran militde\u0135oron sur batalejoj de<br \/>\nla Unua mondmilito, li studis klasikan filologion en Prago. Lingvoj<br \/>\nfari\u011dis sekve lia okupo. Li instruis ilin en la gimnazioj de<br \/>\nJilemnice, Trnava, Hradec Kr\u00e1lov\u00e9 kaj en la Kuracista Altlernejo<br \/>\nen Hradec Kr\u00e1lov\u00e9. Inter la jaroj 1949 \u2212 1951 li okupi\u011dis<br \/>\nprofesie pri la internacia lingvo en la Esperanto-fako de la<br \/>\nMinisterio por Informoj kaj Kulturo. Post sia emeriti\u011do li<br \/>\nnelacigeble okupi\u011dis per tradukado \u011dis sia morto la <b>26-an de<br \/>\naprilo 1976<\/b>.<\/span><\/p>\n<p>&nbsp;<\/p>\n<p class=\"western\" style=\"margin-bottom: 0.5cm;\" align=\"JUSTIFY\"><span style=\"font-size: small;\">La<br \/>\ntradukan arton de Milo\u0161 Luk\u00e1\u0161 karakterizas universaleco. Li<br \/>\ntradukadis Esperanten el la \u0109e\u0125a kaj la slovaka lingvoj,(lia plej<br \/>\nkonata traduko estas komedio de J.Vrchlick\u00fd (Nokto sur Karl\u016fv<br \/>\nT\u00fdn), sed anka\u016d el la novgreka kaj la latina. Li fami\u011dis anka\u016d<br \/>\nper siaj \u0109e\u0125lingvaj tradukoj el la estona literaturo. En sian<br \/>\ngepatran lingvon li interpretis anka\u016d \u0109iujn poemojn de D-ro L.<br \/>\nZamenhof kaj de kelkaj aliaj orginalaj poetoj (R. Schwarz k. a.)<\/span><\/p>\n<p>&nbsp;<\/p>\n<p class=\"western\" style=\"margin-bottom: 0.5cm;\" align=\"JUSTIFY\"><span style=\"font-size: small;\">Krom<br \/>\nsur la literatura kampo aktivis Milo\u0161 Luk\u00e1\u0161 anka\u016d en la movado<br \/>\norganiza. Li membri\u011dis en diversaj movadaj komisionoj kaj<br \/>\nkomitatoj, gvidis kursojn kaj faris publikajn paroladojn.<\/span><\/p>\n<p>&nbsp;<\/p>\n<p class=\"western\" style=\"margin-bottom: 0.5cm;\" align=\"LEFT\"><span style=\"font-size: small;\">Lia<br \/>\nkontribuo al la movado, speciale en \u0108e\u0125oslovakio, estas<br \/>\nneforgesebla. Restis eta almanako el liaj traduka\u0135oj, kiel rememoro<br \/>\npri lia tutviva literatura laboro. <\/span><\/p>\n<p>&nbsp;<\/p>\n<p class=\"western\" style=\"margin-bottom: 0.5cm;\" align=\"CENTER\"><span style=\"font-size: small;\">Transprenita<br \/>\nel Panoramo. <\/span><\/p>\n<p>&nbsp;<\/p>\n<p>&nbsp;<\/p>\n<p class=\"western\" style=\"margin-bottom: 0.5cm;\" align=\"CENTER\"><span style=\"font-size: x-large;\"><b>Medikamento<br \/>\nkontra\u016d deprimi\u011do<\/b><\/span><\/p>\n<p>&nbsp;<\/p>\n<p class=\"western\" style=\"margin-bottom: 0.5cm;\" align=\"JUSTIFY\"><span style=\"font-size: small;\">La\u016ddire<br \/>\n\u011di helpas kuraci depresion, timon, superi sentojn de la soleco:<br \/>\nKATO!<\/span><\/p>\n<p>&nbsp;<\/p>\n<p class=\"western\" style=\"margin-bottom: 0.5cm;\" align=\"JUSTIFY\"><span style=\"font-size: small;\">Tiun<br \/>\nrezulton publikigis specialistoj el psi\u0125ologia instituto en Bonn.<br \/>\nIli konstatis, ke tute ordinara hejma kato sukcesas ne nur helpi al<br \/>\nprofundi\u011do de psika sano kaj percepto de certeco \u0109e sia posedanto,<br \/>\nsed anka\u016d plibonigi manieron de lia vivo.<\/span><\/p>\n<p>&nbsp;<\/p>\n<p class=\"western\" style=\"margin-bottom: 0.5cm;\" align=\"JUSTIFY\"><span style=\"font-size: small;\">Kvankam<br \/>\ntion la homo ne konscias, diras la profesoro Bergler, la kato edukas<br \/>\nlin diskrete. Merite de \u011di li esti\u011das pli trankvila, pli<br \/>\nmalstre\u0109a, pli agema.<\/span><\/p>\n<p>&nbsp;<\/p>\n<p class=\"western\" style=\"margin-bottom: 0.5cm;\" align=\"JUSTIFY\"><span style=\"font-size: small;\">\u0108<img loading=\"lazy\" decoding=\"async\" src=\"http:\/\/esperanto-aeh.eu\/wp-content\/uploads\/A-kveten_06_html_648a784a.jpg\" alt=\"\" width=\"146\" height=\"68\" name=\"obr\u00e1zky3\" align=\"LEFT\" border=\"0\" hspace=\"12\" \/>efe<br \/>\nen la vivo de maljunaj kaj solrestintaj homoj povas la kato, la\u016d<br \/>\nopinio de scienculoj, ludi signifan kaj pozitivan rolon. Ili havas<br \/>\niun, kiu \u0109iam hejme atendas ilin, kun \u011di ili neniam estas solaj.<br \/>\nIli povas pere de \u011di akiri partneron por momentoj de tenero kaj<br \/>\nludoj. Kompare kun hundoj la katoj bezonas pli multe da amo,<br \/>\natentemo kaj karesado. Krom tio estas pli facila edukado de katoj ol<br \/>\nde hundoj en urbaj lo\u011dejoj, \u0109ar kun la hundoj la posedanto devas<br \/>\nregule promenigadi ekstere en kia ajn vetero.<\/span><\/p>\n<p>&nbsp;<\/p>\n<p class=\"western\" style=\"margin-bottom: 0.5cm;\" align=\"JUSTIFY\"><span style=\"font-size: small;\">\u0108u<br \/>\ntio signifas, ke ni povas konsideri la katojn kiel idealajn<br \/>\nterapeutojn de \u0109iuj civilizaciaj malsani\u011doj? Scienculoj el Bonn<br \/>\njesas. Sana kaj vigla kato al sia bredanto ne donas okazon esti<br \/>\nletargia kaj turmentata pro malprudenta\u0135o<\/span><\/p>\n<p>&nbsp;<\/p>\n<p class=\"western\" style=\"margin-bottom: 0.5cm;\" align=\"JUSTIFY\"><span style=\"font-size: small;\">Oni<br \/>\npovas diri \u2013 konstatas la profesoro Bergler, ke la kato aktivigas<br \/>\nsian kunulon en plej bona vortsenco.<\/span><\/p>\n<p>&nbsp;<\/p>\n<p class=\"western\" style=\"margin-bottom: 0.5cm;\" align=\"JUSTIFY\"><span style=\"font-size: small;\">Dirite<br \/>\nper aliaj vortoj: esploroj de fakuloj konfirmis nur tion, kion la<br \/>\nkatamantoj jam ekkonis anta\u016d longa tempo en \u0109iutaga kunvivo kun<br \/>\nsia kvarpieda amiko.<\/span><\/p>\n<p>&nbsp;<\/p>\n<p class=\"western\" style=\"margin-bottom: 0.5cm;\" align=\"JUSTIFY\"><span style=\"font-size: small;\">Anta\u016d<br \/>\npli ol tricent jaroj skribis franca filozofo Ren\u00e9 Descartes: Kiam<br \/>\nvi ludas kun kato, vi ne scias, ke fakte <b>\u011di<\/b> ludas kun vi.<\/span><\/p>\n<p>&nbsp;<\/p>\n<p class=\"western\" style=\"margin-bottom: 0.5cm;\" align=\"JUSTIFY\"><span style=\"font-size: small;\">Al<br \/>\nla redakcio sendis Helena Maudrov\u00e1<\/span><\/p>\n<p>&nbsp;<\/p>\n<h2 class=\"western\" lang=\"en-US\" style=\"margin-bottom: 0.5cm; widows: 2; orphans: 2;\">P<img loading=\"lazy\" decoding=\"async\" src=\"http:\/\/esperanto-aeh.eu\/wp-content\/uploads\/A-kveten_06_html_m3504d5da.jpg\" alt=\"\" width=\"239\" height=\"113\" name=\"obr\u00e1zky4\" align=\"LEFT\" border=\"0\" hspace=\"12\" \/>askofestoj<br \/>\nen Hamburg<\/h2>\n<p>&nbsp;<\/p>\n<p class=\"western\" style=\"margin-bottom: 0.5cm;\" align=\"JUSTIFY\"><span style=\"font-size: small;\">Tri<br \/>\nmembroj de AEH el Pardubice akceptis inviton de siaj germanaj<br \/>\ngeamikoj kaj alveturis per a\u016dtomobilo travivi Paskon en belegan<br \/>\nhavenan urbon Hamburg. En tiu tempo estis en \u0108e\u0125io multloke<br \/>\ninundoj, la rivero Elbo inunde proksimi\u011dadis al Hamburg, do ni<br \/>\nveturis kun ioma timo, kio atendos nin.<\/span><\/p>\n<p>&nbsp;<\/p>\n<p class=\"western\" style=\"margin-bottom: 0.5cm;\" align=\"JUSTIFY\"><img loading=\"lazy\" decoding=\"async\" src=\"http:\/\/esperanto-aeh.eu\/wp-content\/uploads\/A-kveten_06_html_3c349842.jpg\" alt=\"\" width=\"141\" height=\"151\" name=\"obr\u00e1zky5\" align=\"RIGHT\" border=\"0\" hspace=\"12\" \/><br clear=\"RIGHT\" \/><span style=\"font-size: small;\">Krom<br \/>\nmultaj pluvegoj dum la voja\u011do (anka\u016d dum la revoja\u011do) la inundo<br \/>\nne tu\u015dis la centron de la urbo. Niaj geamikoj el Hamburg tre amike<br \/>\nbonvenigis nin kaj zorgoplene gastigis nin, rememorante sian viziton<br \/>\nen Pardubice-Rybitv\u00ed, en la jaro 2004. Paskaj kutimoj en Hamburg<br \/>\nestas aliaj ol en \u0108e\u0125io. Per koloraj ovoj estas ornamitaj multaj<br \/>\narbetoj ne nur en privataj \u011dardenoj, sed anka\u016d anta\u016d domoj.<br \/>\nPaskaj bivakfajroj sur la pla\u011doj de la rivero Elbo (rememorantaj<br \/>\nnian \u0109e\u0125an kutimon \u2212 bruligon de sor\u0109istinoj 30.4.), utiladas<br \/>\nposedantoj de proksimaj \u011dardenetoj por likvido de bran\u0109oj kaj<br \/>\narbustoj dum la printempa ordigo. Altegajn pagodojn oni konstruas<br \/>\nhelpe de \u015dnuregoj kaj \u015dtupetaroj.<\/span><\/p>\n<p>&nbsp;<\/p>\n<p class=\"western\" style=\"margin-bottom: 0.5cm;\" align=\"JUSTIFY\"><span style=\"font-size: small;\">Ni promenadis piede kaj<br \/>\n\u015dipe tra la haveno kaj urbo, ni vidis projekton de nova kvartalo<br \/>\nsur la insulo, kie estos nova dominanto de la urbo \u201eElbfilharmonio\u201c<br \/>\nkaj admiregis grandegajn kontra\u016dinundajn betonajn kaj ferajn barojn<br \/>\naltajn pli ol ses metrojn. Dum la \u015dipveturado ni preterpasis altan<br \/>\ndomegon por maljunuloj kaj ni estis informitaj, ke tie lo\u011das la<br \/>\nfama personeco de la Germana Esperanto-Asocio s-ro Werner Bormann. \u2212<br \/>\nSubite en malfermita fenestro de tiu domego li svingis flageton (li<br \/>\nrigardis nin per teleskopa lorno, ricevinte per po\u015dtelefono<br \/>\ninformon pri nia alveno). Kaj post la momento ni \u0109iuj jam amike<br \/>\nbabilis en la \u015diphalteja restoracio. <\/span><\/p>\n<p>&nbsp;<\/p>\n<p class=\"western\" style=\"margin-bottom: 0.5cm;\" align=\"JUSTIFY\"><span style=\"font-size: small;\">La<br \/>\nvespera vizito de amuzparko, simila al praga Mat\u011bj-kermeso,<br \/>\nrevenigis nin por eta tempo en nian juna\u011don kaj ni preska\u016d ne<br \/>\nspiris \u0109e rigardado de \u0109iuj atrakcioj. Anka\u016d historiaj pafejoj<br \/>\nakordi\u011dis kun la paska tempo kaj la interesuloj pafis per sagoj a\u016d<br \/>\nper kriketaj kugloj en ovojn a\u016d per hakilo al pomoj ktp. Ferma<br \/>\npiroteknika\u0135-fajro pligrandigis niajn traviva\u0135ojn.<\/span><\/p>\n<p>&nbsp;<\/p>\n<p class=\"western\" style=\"margin-bottom: 0.5cm;\" align=\"JUSTIFY\"><span style=\"font-size: small;\">Ni vizitis anka\u016d tre<br \/>\nbelan antikvan urbon L\u00fcbeck (en akompano de pluaj du E-amikoj), kie<br \/>\nestas anka\u016d multaj interesa\u0135oj, ekzemple \u2013 dum la milit-bombado<br \/>\nr<img loading=\"lazy\" decoding=\"async\" src=\"http:\/\/esperanto-aeh.eu\/wp-content\/uploads\/A-kveten_06_html_m44aa5e89.jpg\" alt=\"\" width=\"148\" height=\"151\" name=\"obr\u00e1zky6\" align=\"LEFT\" border=\"0\" hspace=\"12\" \/>ompi\u011dis<br \/>\ngrandega pre\u011deja sonorilo. \u011ci servas kiel memor-monumento kaj apud<br \/>\n\u011di estis konstruitaj du turoj de la nova pre\u011dejo.<\/span><\/p>\n<p>&nbsp;<\/p>\n<p class=\"western\" style=\"margin-bottom: 0.5cm;\" align=\"JUSTIFY\"><span style=\"font-size: small;\">Kvankam<br \/>\nestis Paskofesto, ni estis invititaj en E-klubon, kien venis anka\u016d<br \/>\npluaj membroj de EK\u00a0Hamburg. Venontjare ili organizos la 84-an<br \/>\nGermanan Esperanto-Kongreson dum 25. \u2212 28. 5. 2007, kiun ili jam<br \/>\nnun preparas.<\/span><\/p>\n<p>&nbsp;<\/p>\n<p class=\"western\" style=\"margin-bottom: 0.5cm;\" align=\"JUSTIFY\"><span style=\"font-size: small;\">Kun<br \/>\nprezidantino de Internacia klubo de EH amikino Delia Pick mi<br \/>\npritraktis kelkajn aferojn.<\/span><\/p>\n<p>&nbsp;<\/p>\n<p class=\"western\" style=\"margin-bottom: 0.5cm;\" align=\"JUSTIFY\"><span style=\"font-size: small;\">Ni<br \/>\nnur beda\u016dris, ke ni ne povis je propraj okuloj vidi la plej grandan<br \/>\noceanan \u015dipegon (pli grandan ol Queen Mary 2), kiu estis alvenonta<br \/>\nen Hamburgon unu tagon pli malfrue. <\/span><\/p>\n<p>&nbsp;<\/p>\n<p class=\"western\" style=\"margin-bottom: 0.5cm;\" align=\"RIGHT\"><span style=\"font-size: small;\"><i>Jarmila<br \/>\nR\u00fdznarov\u00e1<\/i><\/span><\/p>\n<p>&nbsp;<\/p>\n<p>&nbsp;<\/p>\n<p class=\"western\" style=\"margin-bottom: 0.5cm;\" align=\"CENTER\"><span style=\"font-size: x-large;\"><b>Kiu<br \/>\nal kio similas?<\/b><\/span><\/p>\n<p>&nbsp;<\/p>\n<p class=\"western\" style=\"margin-bottom: 0.5cm;\" align=\"JUSTIFY\"><span style=\"font-size: small;\">La<br \/>\ninstruisto diris al ni: \u201e\u0108iu homo per sia sinteno similas al iu<br \/>\nanimalo. Unu estas mallaborema, kiel ekzemple, urso. Alia estas<br \/>\nsaltuleto kiel leporo. Ekprovu pentri proprajn gepatrojn en aspekto<br \/>\nde simpatiaj bestoj. Tio estos bona \u015derco, \u011di gajigos viajn<br \/>\ngepatrojn.\u201c<\/span><\/p>\n<p>&nbsp;<\/p>\n<p class=\"western\" style=\"margin-bottom: 0.5cm;\" align=\"JUSTIFY\"><img loading=\"lazy\" decoding=\"async\" src=\"http:\/\/esperanto-aeh.eu\/wp-content\/uploads\/A-kveten_06_html_m6884ad78.jpg\" alt=\"\" width=\"96\" height=\"156\" name=\"obr\u00e1zky7\" align=\"LEFT\" border=\"0\" hspace=\"12\" \/><span style=\"font-size: small;\">Kiam<br \/>\nmi venis hejmen, mia pa\u0109jo ku\u015dis sur la divano, legis \u0135urnalon<br \/>\nkaj oscedis. Mi pentris lin kiel urson en ursokavo. \u0134usmomente la<br \/>\npanjo revenis el vendejo kun pezaj sakoj. Kaj mi pentris \u015din kiel<br \/>\nkamelinon kun grandegaj paka\u0135oj. <\/span><\/p>\n<p>&nbsp;<\/p>\n<p class=\"western\" style=\"margin-bottom: 0.5cm;\" align=\"JUSTIFY\"><span style=\"font-size: small;\">Panjo<br \/>\nkaj pa\u0109jo ekrigardis miajn pentra\u0135ojn kaj ekridis. Kaj poste panjo<br \/>\ndemandis: \u201e\u0108u vi pentris tion \u0109i por lernejo?<\/span><\/p>\n<p>&nbsp;<\/p>\n<p class=\"western\" style=\"margin-bottom: 0.5cm;\" align=\"JUSTIFY\">\u201e<span style=\"font-size: small;\">Certe!\u201c<br \/>\ndiris mi. \u201eEstis tia hejmtasko por ni. <\/span><\/p>\n<p>&nbsp;<\/p>\n<p class=\"western\" style=\"margin-bottom: 0.5cm;\" align=\"JUSTIFY\">\u201e<span style=\"font-size: small;\">Nu,\u201c<br \/>\ndiris la pa\u0109jo, \u201epor kio do devualigi hejmajn sekretojn? Pentru<br \/>\nmin \u2212 pli bone \u2013 en vido de kastoro, kiu senlace konstruas sian<br \/>\ndomon, kaj panjo estu senzorge fluganta birdeto.\u201c<\/span><\/p>\n<p>&nbsp;<\/p>\n<p class=\"western\" style=\"margin-bottom: 0.5cm;\" align=\"JUSTIFY\"><span style=\"font-size: small;\">Mi<br \/>\ntiel faris: la pa\u0109jon en vido de kastoro, la patrinon \u2212 kiel<br \/>\nbirdeton. Kaj mi alportis la pentra\u0135ojn al mia instruisto. Tiam la<br \/>\npa\u0109jon oni devigis ripari nian lernejon. Kaj la panjon oni devigis<br \/>\nkanti en la lerneja gepatra \u0125oro. Bona \u015derco rezulti\u011dis! El rusa<br \/>\ngazeto esperantigis Burgar Lilija<\/span><\/p>\n<p>&nbsp;<\/p>\n<p>&nbsp;<\/p>\n<p class=\"western\" style=\"margin-bottom: 0.5cm;\" align=\"CENTER\"><span style=\"font-size: x-large;\"><b>Mallonga<br \/>\namo<\/b><\/span><\/p>\n<p>&nbsp;<\/p>\n<p class=\"western\" style=\"margin-bottom: 0.5cm;\" align=\"JUSTIFY\"><span style=\"font-size: small;\">Unu<br \/>\nlimako amiki\u011dis en unu cepinon. Ili geedzi\u011dis.<\/span><\/p>\n<p>&nbsp;<\/p>\n<p class=\"western\" style=\"margin-bottom: 0.5cm;\" align=\"JUSTIFY\"><span style=\"font-size: small;\">La<br \/>\nlimako diris al la cepino: \u201eVi devas senvestigi Vin, karega\u201c.<br \/>\nSed la cepino hontis kaj respondis: \u201cSed nur, se vi fermos la<br \/>\nokulojn.\u201c<\/span><\/p>\n<p>&nbsp;<\/p>\n<p class=\"western\" style=\"margin-bottom: 0.5cm;\" align=\"JUSTIFY\"><span style=\"font-size: small;\">Bone,<br \/>\nLa limako fermis la okulojn kaj la cepino demetis unu \u015delon. Kiam<br \/>\nla limako malfermis la okulojn, li diris al \u015di: \u201cKarega, vi devas<br \/>\n\u0109ion demeti.\u201c \u201eSe vi fermos la okulojn.\u201c La limako denove<br \/>\nfermis la okulojn, kaj la cepino denove demetis unu \u015delon. \u201eVi<br \/>\nankora\u016d estas vestita,\u201c diris la limako. \u201eBone, fermu la<br \/>\nokulojn!\u201c<\/span><\/p>\n<p>&nbsp;<\/p>\n<p class=\"western\" style=\"margin-bottom: 0.5cm;\" align=\"JUSTIFY\"><span style=\"font-size: small;\">La<br \/>\ncepino demetis la trian \u015delon, sed la limako ankora\u016d estis<br \/>\nmalkontenta. La cepino devis demeti la kvaran, kvinan kaj sesan<br \/>\n\u015delon. Sed la limako \u0109iam ne estis kontenta. \u201eNi estas geedza<br \/>\nparo, anta\u016d mi vi ne bezonas havi sekreton.\u201c<\/span><\/p>\n<p>&nbsp;<\/p>\n<p class=\"western\" style=\"margin-bottom: 0.5cm;\" align=\"JUSTIFY\">\u201e<span style=\"font-size: small;\">Se<br \/>\nvi deziras,\u201c diris la cepino kaj demetis la sepan \u015delon. Kiam la<br \/>\nlimako denove malfermis la okulojn, la cepino malaperis kaj \u015di ne<br \/>\nekzistis plu.<\/span><\/p>\n<p>&nbsp;<\/p>\n<p class=\"western\" style=\"margin-bottom: 0.5cm;\" align=\"JUSTIFY\"><span style=\"font-size: small;\">\u0108u<br \/>\nvi scias, kiom da \u015deloj cepo havas?<\/span><\/p>\n<p>&nbsp;<\/p>\n<h1 class=\"western\" style=\"margin-right: 0.53cm; margin-bottom: 0.5cm;\" align=\"RIGHT\"><span style=\"font-size: small;\"><span style=\"font-weight: normal;\">Sendis Ilona Birkelbachov\u00e1<\/span><\/span><\/h1>\n<p>&nbsp;<\/p>\n","protected":false},"excerpt":{"rendered":"<p>&nbsp; ANTA\u016cEN 2\/14 MAJO 2006 &nbsp; Enhavo: Al la patrineto Medikamento kontra\u016d deprimi\u011do &nbsp; Paskofestoj en Hamburg Kiu al kio similas? &nbsp; Mallonga amo &nbsp; &nbsp; Al la patrineto &nbsp; \u0108iun senton nur silente &nbsp; portas mi en mia koro, &nbsp; e\u0109 la panjon mi sciigas &nbsp; nek pri \u011doj\u2018, nek pri doloro. &nbsp; Kio [&hellip;]<\/p>\n","protected":false},"author":2,"featured_media":0,"comment_status":"closed","ping_status":"closed","sticky":false,"template":"","format":"standard","meta":{"footnotes":""},"categories":[63,46],"tags":[],"class_list":["post-1404","post","type-post","status-publish","format-standard","hentry","category-antauen-eo","category-monataj-gazetoj","clear"],"_links":{"self":[{"href":"https:\/\/esperanto-aeh.eu\/eo\/wp-json\/wp\/v2\/posts\/1404","targetHints":{"allow":["GET"]}}],"collection":[{"href":"https:\/\/esperanto-aeh.eu\/eo\/wp-json\/wp\/v2\/posts"}],"about":[{"href":"https:\/\/esperanto-aeh.eu\/eo\/wp-json\/wp\/v2\/types\/post"}],"author":[{"embeddable":true,"href":"https:\/\/esperanto-aeh.eu\/eo\/wp-json\/wp\/v2\/users\/2"}],"replies":[{"embeddable":true,"href":"https:\/\/esperanto-aeh.eu\/eo\/wp-json\/wp\/v2\/comments?post=1404"}],"version-history":[{"count":1,"href":"https:\/\/esperanto-aeh.eu\/eo\/wp-json\/wp\/v2\/posts\/1404\/revisions"}],"predecessor-version":[{"id":6470,"href":"https:\/\/esperanto-aeh.eu\/eo\/wp-json\/wp\/v2\/posts\/1404\/revisions\/6470"}],"wp:attachment":[{"href":"https:\/\/esperanto-aeh.eu\/eo\/wp-json\/wp\/v2\/media?parent=1404"}],"wp:term":[{"taxonomy":"category","embeddable":true,"href":"https:\/\/esperanto-aeh.eu\/eo\/wp-json\/wp\/v2\/categories?post=1404"},{"taxonomy":"post_tag","embeddable":true,"href":"https:\/\/esperanto-aeh.eu\/eo\/wp-json\/wp\/v2\/tags?post=1404"}],"curies":[{"name":"wp","href":"https:\/\/api.w.org\/{rel}","templated":true}]}}